{"id":6041,"date":"2023-04-19T14:03:30","date_gmt":"2023-04-19T12:03:30","guid":{"rendered":"https:\/\/www.pickchickbymec.com\/?p=6041"},"modified":"2023-04-19T14:15:42","modified_gmt":"2023-04-19T12:15:42","slug":"cartel-fira-costura","status":"publish","type":"post","link":"https:\/\/www.pickchickbymec.com\/en\/cartel-fira-costura\/","title":{"rendered":"Cartel Fira de merceria i costura creativa de Martorell"},"content":{"rendered":"<p style=\"font-size:16px\"><strong>Cliente:<\/strong> Comer\u00e7 Amic<\/p>\n\n\n\n<p style=\"font-size:16px\"><strong>Fecha:<\/strong> Verano 2022<\/p>\n\n\n\n<p style=\"font-size:16px\"><strong>Trabajo:<\/strong> Dise\u00f1o del cartel para la primera edici\u00f3n de este evento.<\/p>\n\n\n\n<hr class=\"wp-block-separator has-text-color has-pale-cyan-blue-color has-alpha-channel-opacity has-pale-cyan-blue-background-color has-background is-style-dots\"\/>\n\n\n<div class=\"wp-block-image\">\n<figure class=\"aligncenter size-full is-resized\"><img loading=\"lazy\" decoding=\"async\" src=\"https:\/\/www.pickchickbymec.com\/wp-content\/uploads\/2023\/04\/costura.jpg\" alt=\"\" class=\"wp-image-6043\" width=\"398\" height=\"558\" srcset=\"https:\/\/www.pickchickbymec.com\/wp-content\/uploads\/2023\/04\/costura.jpg 714w, https:\/\/www.pickchickbymec.com\/wp-content\/uploads\/2023\/04\/costura-600x840.jpg 600w, https:\/\/www.pickchickbymec.com\/wp-content\/uploads\/2023\/04\/costura-214x300.jpg 214w\" sizes=\"auto, (max-width: 398px) 100vw, 398px\" \/><\/figure>\n<\/div>\n\n\n<hr class=\"wp-block-separator has-text-color has-pale-cyan-blue-color has-alpha-channel-opacity has-pale-cyan-blue-background-color has-background is-style-dots\"\/>\n\n\n\n<p>Para este encargo decid\u00ed usar los materiales y herramientas de costura para crear un escenario que recordara a la rambla Les B\u00f3biles con paraditas, sitio donde se celebr\u00f3 la feria. No s\u00e9 si se llega a intuir, pero es algo que cuando te das cuenta no dejas de ver.<\/p>","protected":false},"excerpt":{"rendered":"<p>Cliente: Comer\u00e7 Amic Fecha: Verano 2022 Trabajo: Dise\u00f1o del cartel para la primera edici\u00f3n de este evento. Para este encargo decid\u00ed usar los materiales y herramientas de costura para crear un escenario que recordara a la rambla Les B\u00f3biles con paraditas, sitio donde se celebr\u00f3 la feria. No s\u00e9 si se llega a intuir, pero [&hellip;]<\/p>\n","protected":false},"author":1,"featured_media":6043,"comment_status":"open","ping_status":"closed","sticky":false,"template":"","format":"standard","meta":{"_monsterinsights_skip_tracking":false,"_monsterinsights_sitenote_active":false,"_monsterinsights_sitenote_note":"","_monsterinsights_sitenote_category":0,"_jetpack_memberships_contains_paid_content":false,"footnotes":""},"categories":[433],"tags":[436,215,435],"class_list":["post-6041","post","type-post","status-publish","format-standard","has-post-thumbnail","hentry","category-porfolio","tag-diseno","tag-ilustracion","tag-porfolio"],"yoast_head":"<!-- This site is optimized with the Yoast SEO plugin v27.5 - https:\/\/yoast.com\/product\/yoast-seo-wordpress\/ -->\n<title>Cartel Fira de costura de Martorell - Pick\u00b7Chick by Mec<\/title>\n<meta name=\"description\" content=\"Diselo del cartel para la primera edici\u00f3n de la Fira de merceria i costura creativa de Martorell, celebrada en 2022 en la rambla Les B\u00f3biles.\" \/>\n<meta name=\"robots\" content=\"index, follow, max-snippet:-1, max-image-preview:large, max-video-preview:-1\" \/>\n<link rel=\"canonical\" href=\"https:\/\/www.pickchickbymec.com\/en\/cartel-fira-costura\/\" \/>\n<meta property=\"og:locale\" content=\"en_GB\" \/>\n<meta property=\"og:type\" content=\"article\" \/>\n<meta property=\"og:title\" content=\"Cartel Fira de costura de Martorell - Pick\u00b7Chick by Mec\" \/>\n<meta property=\"og:description\" content=\"Diselo del cartel para la primera edici\u00f3n de la Fira de merceria i costura creativa de Martorell, celebrada en 2022 en la rambla Les B\u00f3biles.\" \/>\n<meta property=\"og:url\" content=\"https:\/\/www.pickchickbymec.com\/en\/cartel-fira-costura\/\" \/>\n<meta property=\"og:site_name\" content=\"Pick\u00b7Chick by Mec\" \/>\n<meta property=\"article:published_time\" content=\"2023-04-19T12:03:30+00:00\" \/>\n<meta property=\"article:modified_time\" content=\"2023-04-19T12:15:42+00:00\" \/>\n<meta property=\"og:image\" content=\"https:\/\/www.pickchickbymec.com\/wp-content\/uploads\/2023\/04\/costura.jpg\" \/>\n\t<meta property=\"og:image:width\" content=\"714\" \/>\n\t<meta property=\"og:image:height\" content=\"1000\" \/>\n\t<meta property=\"og:image:type\" content=\"image\/jpeg\" \/>\n<meta name=\"author\" content=\"pickchickbymec\" \/>\n<meta name=\"twitter:card\" content=\"summary_large_image\" \/>\n<meta name=\"twitter:label1\" content=\"Written by\" \/>\n\t<meta name=\"twitter:data1\" content=\"pickchickbymec\" \/>\n\t<meta name=\"twitter:label2\" content=\"Estimated reading time\" \/>\n\t<meta name=\"twitter:data2\" content=\"1 minute\" \/>\n<script type=\"application\/ld+json\" class=\"yoast-schema-graph\">{\"@context\":\"https:\\\/\\\/schema.org\",\"@graph\":[{\"@type\":\"Article\",\"@id\":\"https:\\\/\\\/www.pickchickbymec.com\\\/cartel-fira-costura\\\/#article\",\"isPartOf\":{\"@id\":\"https:\\\/\\\/www.pickchickbymec.com\\\/cartel-fira-costura\\\/\"},\"author\":{\"name\":\"pickchickbymec\",\"@id\":\"https:\\\/\\\/www.pickchickbymec.com\\\/#\\\/schema\\\/person\\\/189a1cea9c7f6704595062aabbbb38fe\"},\"headline\":\"Cartel Fira de merceria i costura creativa de Martorell\",\"datePublished\":\"2023-04-19T12:03:30+00:00\",\"dateModified\":\"2023-04-19T12:15:42+00:00\",\"mainEntityOfPage\":{\"@id\":\"https:\\\/\\\/www.pickchickbymec.com\\\/cartel-fira-costura\\\/\"},\"wordCount\":77,\"commentCount\":0,\"publisher\":{\"@id\":\"https:\\\/\\\/www.pickchickbymec.com\\\/#\\\/schema\\\/person\\\/189a1cea9c7f6704595062aabbbb38fe\"},\"image\":{\"@id\":\"https:\\\/\\\/www.pickchickbymec.com\\\/cartel-fira-costura\\\/#primaryimage\"},\"thumbnailUrl\":\"https:\\\/\\\/www.pickchickbymec.com\\\/wp-content\\\/uploads\\\/2023\\\/04\\\/costura.jpg\",\"keywords\":[\"dise\u00f1o\",\"ilustracion\",\"porfolio\"],\"articleSection\":[\"Porfolio\"],\"inLanguage\":\"en-GB\",\"potentialAction\":[{\"@type\":\"CommentAction\",\"name\":\"Comment\",\"target\":[\"https:\\\/\\\/www.pickchickbymec.com\\\/cartel-fira-costura\\\/#respond\"]}]},{\"@type\":\"WebPage\",\"@id\":\"https:\\\/\\\/www.pickchickbymec.com\\\/cartel-fira-costura\\\/\",\"url\":\"https:\\\/\\\/www.pickchickbymec.com\\\/cartel-fira-costura\\\/\",\"name\":\"Cartel Fira de costura de Martorell - Pick\u00b7Chick by Mec\",\"isPartOf\":{\"@id\":\"https:\\\/\\\/www.pickchickbymec.com\\\/#website\"},\"primaryImageOfPage\":{\"@id\":\"https:\\\/\\\/www.pickchickbymec.com\\\/cartel-fira-costura\\\/#primaryimage\"},\"image\":{\"@id\":\"https:\\\/\\\/www.pickchickbymec.com\\\/cartel-fira-costura\\\/#primaryimage\"},\"thumbnailUrl\":\"https:\\\/\\\/www.pickchickbymec.com\\\/wp-content\\\/uploads\\\/2023\\\/04\\\/costura.jpg\",\"datePublished\":\"2023-04-19T12:03:30+00:00\",\"dateModified\":\"2023-04-19T12:15:42+00:00\",\"description\":\"Diselo del cartel para la primera edici\u00f3n de la Fira de merceria i costura creativa de Martorell, celebrada en 2022 en la rambla Les B\u00f3biles.\",\"breadcrumb\":{\"@id\":\"https:\\\/\\\/www.pickchickbymec.com\\\/cartel-fira-costura\\\/#breadcrumb\"},\"inLanguage\":\"en-GB\",\"potentialAction\":[{\"@type\":\"ReadAction\",\"target\":[\"https:\\\/\\\/www.pickchickbymec.com\\\/cartel-fira-costura\\\/\"]}]},{\"@type\":\"ImageObject\",\"inLanguage\":\"en-GB\",\"@id\":\"https:\\\/\\\/www.pickchickbymec.com\\\/cartel-fira-costura\\\/#primaryimage\",\"url\":\"https:\\\/\\\/www.pickchickbymec.com\\\/wp-content\\\/uploads\\\/2023\\\/04\\\/costura.jpg\",\"contentUrl\":\"https:\\\/\\\/www.pickchickbymec.com\\\/wp-content\\\/uploads\\\/2023\\\/04\\\/costura.jpg\",\"width\":714,\"height\":1000},{\"@type\":\"BreadcrumbList\",\"@id\":\"https:\\\/\\\/www.pickchickbymec.com\\\/cartel-fira-costura\\\/#breadcrumb\",\"itemListElement\":[{\"@type\":\"ListItem\",\"position\":1,\"name\":\"Portada\",\"item\":\"https:\\\/\\\/www.pickchickbymec.com\\\/\"},{\"@type\":\"ListItem\",\"position\":2,\"name\":\"Cartel Fira de merceria i costura creativa de Martorell\"}]},{\"@type\":\"WebSite\",\"@id\":\"https:\\\/\\\/www.pickchickbymec.com\\\/#website\",\"url\":\"https:\\\/\\\/www.pickchickbymec.com\\\/\",\"name\":\"Pick\u00b7Chick by Mec\",\"description\":\"kawaii illustrator and artisan\",\"publisher\":{\"@id\":\"https:\\\/\\\/www.pickchickbymec.com\\\/#\\\/schema\\\/person\\\/189a1cea9c7f6704595062aabbbb38fe\"},\"potentialAction\":[{\"@type\":\"SearchAction\",\"target\":{\"@type\":\"EntryPoint\",\"urlTemplate\":\"https:\\\/\\\/www.pickchickbymec.com\\\/?s={search_term_string}\"},\"query-input\":{\"@type\":\"PropertyValueSpecification\",\"valueRequired\":true,\"valueName\":\"search_term_string\"}}],\"inLanguage\":\"en-GB\"},{\"@type\":[\"Person\",\"Organization\"],\"@id\":\"https:\\\/\\\/www.pickchickbymec.com\\\/#\\\/schema\\\/person\\\/189a1cea9c7f6704595062aabbbb38fe\",\"name\":\"pickchickbymec\",\"image\":{\"@type\":\"ImageObject\",\"inLanguage\":\"en-GB\",\"@id\":\"https:\\\/\\\/secure.gravatar.com\\\/avatar\\\/0c13b11690ce1ad38e031b40cac436947d766b2585e3e81250e6cf60b0a3b61f?s=96&d=mm&r=g\",\"url\":\"https:\\\/\\\/secure.gravatar.com\\\/avatar\\\/0c13b11690ce1ad38e031b40cac436947d766b2585e3e81250e6cf60b0a3b61f?s=96&d=mm&r=g\",\"contentUrl\":\"https:\\\/\\\/secure.gravatar.com\\\/avatar\\\/0c13b11690ce1ad38e031b40cac436947d766b2585e3e81250e6cf60b0a3b61f?s=96&d=mm&r=g\",\"caption\":\"pickchickbymec\"},\"logo\":{\"@id\":\"https:\\\/\\\/secure.gravatar.com\\\/avatar\\\/0c13b11690ce1ad38e031b40cac436947d766b2585e3e81250e6cf60b0a3b61f?s=96&d=mm&r=g\"}}]}<\/script>\n<!-- \/ Yoast SEO plugin. -->","yoast_head_json":{"title":"Cartel Fira de costura de Martorell - Pick\u00b7Chick by Mec","description":"Diselo del cartel para la primera edici\u00f3n de la Fira de merceria i costura creativa de Martorell, celebrada en 2022 en la rambla Les B\u00f3biles.","robots":{"index":"index","follow":"follow","max-snippet":"max-snippet:-1","max-image-preview":"max-image-preview:large","max-video-preview":"max-video-preview:-1"},"canonical":"https:\/\/www.pickchickbymec.com\/en\/cartel-fira-costura\/","og_locale":"en_GB","og_type":"article","og_title":"Cartel Fira de costura de Martorell - Pick\u00b7Chick by Mec","og_description":"Diselo del cartel para la primera edici\u00f3n de la Fira de merceria i costura creativa de Martorell, celebrada en 2022 en la rambla Les B\u00f3biles.","og_url":"https:\/\/www.pickchickbymec.com\/en\/cartel-fira-costura\/","og_site_name":"Pick\u00b7Chick by Mec","article_published_time":"2023-04-19T12:03:30+00:00","article_modified_time":"2023-04-19T12:15:42+00:00","og_image":[{"width":714,"height":1000,"url":"https:\/\/www.pickchickbymec.com\/wp-content\/uploads\/2023\/04\/costura.jpg","type":"image\/jpeg"}],"author":"pickchickbymec","twitter_card":"summary_large_image","twitter_misc":{"Written by":"pickchickbymec","Estimated reading time":"1 minute"},"schema":{"@context":"https:\/\/schema.org","@graph":[{"@type":"Article","@id":"https:\/\/www.pickchickbymec.com\/cartel-fira-costura\/#article","isPartOf":{"@id":"https:\/\/www.pickchickbymec.com\/cartel-fira-costura\/"},"author":{"name":"pickchickbymec","@id":"https:\/\/www.pickchickbymec.com\/#\/schema\/person\/189a1cea9c7f6704595062aabbbb38fe"},"headline":"Cartel Fira de merceria i costura creativa de Martorell","datePublished":"2023-04-19T12:03:30+00:00","dateModified":"2023-04-19T12:15:42+00:00","mainEntityOfPage":{"@id":"https:\/\/www.pickchickbymec.com\/cartel-fira-costura\/"},"wordCount":77,"commentCount":0,"publisher":{"@id":"https:\/\/www.pickchickbymec.com\/#\/schema\/person\/189a1cea9c7f6704595062aabbbb38fe"},"image":{"@id":"https:\/\/www.pickchickbymec.com\/cartel-fira-costura\/#primaryimage"},"thumbnailUrl":"https:\/\/www.pickchickbymec.com\/wp-content\/uploads\/2023\/04\/costura.jpg","keywords":["dise\u00f1o","ilustracion","porfolio"],"articleSection":["Porfolio"],"inLanguage":"en-GB","potentialAction":[{"@type":"CommentAction","name":"Comment","target":["https:\/\/www.pickchickbymec.com\/cartel-fira-costura\/#respond"]}]},{"@type":"WebPage","@id":"https:\/\/www.pickchickbymec.com\/cartel-fira-costura\/","url":"https:\/\/www.pickchickbymec.com\/cartel-fira-costura\/","name":"Cartel Fira de costura de Martorell - Pick\u00b7Chick by Mec","isPartOf":{"@id":"https:\/\/www.pickchickbymec.com\/#website"},"primaryImageOfPage":{"@id":"https:\/\/www.pickchickbymec.com\/cartel-fira-costura\/#primaryimage"},"image":{"@id":"https:\/\/www.pickchickbymec.com\/cartel-fira-costura\/#primaryimage"},"thumbnailUrl":"https:\/\/www.pickchickbymec.com\/wp-content\/uploads\/2023\/04\/costura.jpg","datePublished":"2023-04-19T12:03:30+00:00","dateModified":"2023-04-19T12:15:42+00:00","description":"Diselo del cartel para la primera edici\u00f3n de la Fira de merceria i costura creativa de Martorell, celebrada en 2022 en la rambla Les B\u00f3biles.","breadcrumb":{"@id":"https:\/\/www.pickchickbymec.com\/cartel-fira-costura\/#breadcrumb"},"inLanguage":"en-GB","potentialAction":[{"@type":"ReadAction","target":["https:\/\/www.pickchickbymec.com\/cartel-fira-costura\/"]}]},{"@type":"ImageObject","inLanguage":"en-GB","@id":"https:\/\/www.pickchickbymec.com\/cartel-fira-costura\/#primaryimage","url":"https:\/\/www.pickchickbymec.com\/wp-content\/uploads\/2023\/04\/costura.jpg","contentUrl":"https:\/\/www.pickchickbymec.com\/wp-content\/uploads\/2023\/04\/costura.jpg","width":714,"height":1000},{"@type":"BreadcrumbList","@id":"https:\/\/www.pickchickbymec.com\/cartel-fira-costura\/#breadcrumb","itemListElement":[{"@type":"ListItem","position":1,"name":"Portada","item":"https:\/\/www.pickchickbymec.com\/"},{"@type":"ListItem","position":2,"name":"Cartel Fira de merceria i costura creativa de Martorell"}]},{"@type":"WebSite","@id":"https:\/\/www.pickchickbymec.com\/#website","url":"https:\/\/www.pickchickbymec.com\/","name":"Pick-Chick by Mec","description":"kawaii illustrator and artisan","publisher":{"@id":"https:\/\/www.pickchickbymec.com\/#\/schema\/person\/189a1cea9c7f6704595062aabbbb38fe"},"potentialAction":[{"@type":"SearchAction","target":{"@type":"EntryPoint","urlTemplate":"https:\/\/www.pickchickbymec.com\/?s={search_term_string}"},"query-input":{"@type":"PropertyValueSpecification","valueRequired":true,"valueName":"search_term_string"}}],"inLanguage":"en-GB"},{"@type":["Person","Organization"],"@id":"https:\/\/www.pickchickbymec.com\/#\/schema\/person\/189a1cea9c7f6704595062aabbbb38fe","name":"pickchickbymec","image":{"@type":"ImageObject","inLanguage":"en-GB","@id":"https:\/\/secure.gravatar.com\/avatar\/0c13b11690ce1ad38e031b40cac436947d766b2585e3e81250e6cf60b0a3b61f?s=96&d=mm&r=g","url":"https:\/\/secure.gravatar.com\/avatar\/0c13b11690ce1ad38e031b40cac436947d766b2585e3e81250e6cf60b0a3b61f?s=96&d=mm&r=g","contentUrl":"https:\/\/secure.gravatar.com\/avatar\/0c13b11690ce1ad38e031b40cac436947d766b2585e3e81250e6cf60b0a3b61f?s=96&d=mm&r=g","caption":"pickchickbymec"},"logo":{"@id":"https:\/\/secure.gravatar.com\/avatar\/0c13b11690ce1ad38e031b40cac436947d766b2585e3e81250e6cf60b0a3b61f?s=96&d=mm&r=g"}}]}},"jetpack_featured_media_url":"https:\/\/www.pickchickbymec.com\/wp-content\/uploads\/2023\/04\/costura.jpg","jetpack-related-posts":[],"jetpack_sharing_enabled":true,"_links":{"self":[{"href":"https:\/\/www.pickchickbymec.com\/en\/wp-json\/wp\/v2\/posts\/6041","targetHints":{"allow":["GET"]}}],"collection":[{"href":"https:\/\/www.pickchickbymec.com\/en\/wp-json\/wp\/v2\/posts"}],"about":[{"href":"https:\/\/www.pickchickbymec.com\/en\/wp-json\/wp\/v2\/types\/post"}],"author":[{"embeddable":true,"href":"https:\/\/www.pickchickbymec.com\/en\/wp-json\/wp\/v2\/users\/1"}],"replies":[{"embeddable":true,"href":"https:\/\/www.pickchickbymec.com\/en\/wp-json\/wp\/v2\/comments?post=6041"}],"version-history":[{"count":1,"href":"https:\/\/www.pickchickbymec.com\/en\/wp-json\/wp\/v2\/posts\/6041\/revisions"}],"predecessor-version":[{"id":6044,"href":"https:\/\/www.pickchickbymec.com\/en\/wp-json\/wp\/v2\/posts\/6041\/revisions\/6044"}],"wp:featuredmedia":[{"embeddable":true,"href":"https:\/\/www.pickchickbymec.com\/en\/wp-json\/wp\/v2\/media\/6043"}],"wp:attachment":[{"href":"https:\/\/www.pickchickbymec.com\/en\/wp-json\/wp\/v2\/media?parent=6041"}],"wp:term":[{"taxonomy":"category","embeddable":true,"href":"https:\/\/www.pickchickbymec.com\/en\/wp-json\/wp\/v2\/categories?post=6041"},{"taxonomy":"post_tag","embeddable":true,"href":"https:\/\/www.pickchickbymec.com\/en\/wp-json\/wp\/v2\/tags?post=6041"}],"curies":[{"name":"wp","href":"https:\/\/api.w.org\/{rel}","templated":true}]}}