{"id":7110,"date":"2024-04-16T14:19:17","date_gmt":"2024-04-16T12:19:17","guid":{"rendered":"https:\/\/www.pickchickbymec.com\/?p=7110"},"modified":"2025-08-01T19:13:32","modified_gmt":"2025-08-01T17:13:32","slug":"cartel-fiestas-sant-isidre-masquefa-2024","status":"publish","type":"post","link":"https:\/\/www.pickchickbymec.com\/en\/cartel-fiestas-sant-isidre-masquefa-2024\/","title":{"rendered":"Cartel fiestas Sant Isidre Masquefa 2024"},"content":{"rendered":"<p><strong>Cliente:<\/strong> Ajuntament de Masquefa y Artsdomotica<\/p>\n\n\n\n<p><strong>Fecha: <\/strong>Abril 2024<\/p>\n\n\n\n<p><strong>Trabajo:<\/strong> Ilustraci\u00f3n y dise\u00f1o del cartel de la fiesta mayour peque\u00f1a de Masquefa.<\/p>\n\n\n\n<p><\/p>\n\n\n\n<figure class=\"wp-block-image size-full\"><img loading=\"lazy\" decoding=\"async\" width=\"707\" height=\"1000\" src=\"https:\/\/www.pickchickbymec.com\/wp-content\/uploads\/2024\/04\/sant-isidre-petit.jpg\" alt=\"sant isidre masquefa 2024\" class=\"wp-image-7111\" srcset=\"https:\/\/www.pickchickbymec.com\/wp-content\/uploads\/2024\/04\/sant-isidre-petit.jpg 707w, https:\/\/www.pickchickbymec.com\/wp-content\/uploads\/2024\/04\/sant-isidre-petit-600x849.jpg 600w, https:\/\/www.pickchickbymec.com\/wp-content\/uploads\/2024\/04\/sant-isidre-petit-212x300.jpg 212w\" sizes=\"auto, (max-width: 707px) 100vw, 707px\" \/><\/figure>","protected":false},"excerpt":{"rendered":"<p>Cliente: Ajuntament de Masquefa y Artsdomotica Fecha: Abril 2024 Trabajo: Ilustraci\u00f3n y dise\u00f1o del cartel de la fiesta mayour peque\u00f1a de Masquefa.<\/p>","protected":false},"author":1,"featured_media":7111,"comment_status":"open","ping_status":"closed","sticky":false,"template":"","format":"standard","meta":{"_monsterinsights_skip_tracking":false,"_monsterinsights_sitenote_active":false,"_monsterinsights_sitenote_note":"","_monsterinsights_sitenote_category":0,"_jetpack_memberships_contains_paid_content":false,"footnotes":""},"categories":[433],"tags":[501,436,215],"class_list":["post-7110","post","type-post","status-publish","format-standard","has-post-thumbnail","hentry","category-porfolio","tag-cartel","tag-diseno","tag-ilustracion"],"yoast_head":"<!-- This site is optimized with the Yoast SEO plugin v27.5 - https:\/\/yoast.com\/product\/yoast-seo-wordpress\/ -->\n<title>Cartel fiestas Sant Isidre Masquefa 2024 - Pick\u00b7Chick by Mec<\/title>\n<meta name=\"description\" content=\"Ilustraci\u00f3n y dise\u00f1o de cartel para las fiestas de Sant Isidre de Masquefa, edici\u00f3n 2024.\" \/>\n<meta name=\"robots\" content=\"index, follow, max-snippet:-1, max-image-preview:large, max-video-preview:-1\" \/>\n<link rel=\"canonical\" href=\"https:\/\/www.pickchickbymec.com\/en\/cartel-fiestas-sant-isidre-masquefa-2024\/\" \/>\n<meta property=\"og:locale\" content=\"en_GB\" \/>\n<meta property=\"og:type\" content=\"article\" \/>\n<meta property=\"og:title\" content=\"Cartel fiestas Sant Isidre Masquefa 2024 - Pick\u00b7Chick by Mec\" \/>\n<meta property=\"og:description\" content=\"Ilustraci\u00f3n y dise\u00f1o de cartel para las fiestas de Sant Isidre de Masquefa, edici\u00f3n 2024.\" \/>\n<meta property=\"og:url\" content=\"https:\/\/www.pickchickbymec.com\/en\/cartel-fiestas-sant-isidre-masquefa-2024\/\" \/>\n<meta property=\"og:site_name\" content=\"Pick\u00b7Chick by Mec\" \/>\n<meta property=\"article:published_time\" content=\"2024-04-16T12:19:17+00:00\" \/>\n<meta property=\"article:modified_time\" content=\"2025-08-01T17:13:32+00:00\" \/>\n<meta property=\"og:image\" content=\"https:\/\/www.pickchickbymec.com\/wp-content\/uploads\/2024\/04\/sant-isidre-petit.jpg\" \/>\n\t<meta property=\"og:image:width\" content=\"707\" \/>\n\t<meta property=\"og:image:height\" content=\"1000\" \/>\n\t<meta property=\"og:image:type\" content=\"image\/jpeg\" \/>\n<meta name=\"author\" content=\"pickchickbymec\" \/>\n<meta name=\"twitter:card\" content=\"summary_large_image\" \/>\n<meta name=\"twitter:label1\" content=\"Written by\" \/>\n\t<meta name=\"twitter:data1\" content=\"pickchickbymec\" \/>\n\t<meta name=\"twitter:label2\" content=\"Estimated reading time\" \/>\n\t<meta name=\"twitter:data2\" content=\"1 minute\" \/>\n<script type=\"application\/ld+json\" class=\"yoast-schema-graph\">{\"@context\":\"https:\\\/\\\/schema.org\",\"@graph\":[{\"@type\":\"Article\",\"@id\":\"https:\\\/\\\/www.pickchickbymec.com\\\/cartel-fiestas-sant-isidre-masquefa-2024\\\/#article\",\"isPartOf\":{\"@id\":\"https:\\\/\\\/www.pickchickbymec.com\\\/cartel-fiestas-sant-isidre-masquefa-2024\\\/\"},\"author\":{\"name\":\"pickchickbymec\",\"@id\":\"https:\\\/\\\/www.pickchickbymec.com\\\/#\\\/schema\\\/person\\\/189a1cea9c7f6704595062aabbbb38fe\"},\"headline\":\"Cartel fiestas Sant Isidre Masquefa 2024\",\"datePublished\":\"2024-04-16T12:19:17+00:00\",\"dateModified\":\"2025-08-01T17:13:32+00:00\",\"mainEntityOfPage\":{\"@id\":\"https:\\\/\\\/www.pickchickbymec.com\\\/cartel-fiestas-sant-isidre-masquefa-2024\\\/\"},\"wordCount\":29,\"commentCount\":0,\"publisher\":{\"@id\":\"https:\\\/\\\/www.pickchickbymec.com\\\/#\\\/schema\\\/person\\\/189a1cea9c7f6704595062aabbbb38fe\"},\"image\":{\"@id\":\"https:\\\/\\\/www.pickchickbymec.com\\\/cartel-fiestas-sant-isidre-masquefa-2024\\\/#primaryimage\"},\"thumbnailUrl\":\"https:\\\/\\\/www.pickchickbymec.com\\\/wp-content\\\/uploads\\\/2024\\\/04\\\/sant-isidre-petit.jpg\",\"keywords\":[\"cartel\",\"dise\u00f1o\",\"ilustracion\"],\"articleSection\":[\"Porfolio\"],\"inLanguage\":\"en-GB\",\"potentialAction\":[{\"@type\":\"CommentAction\",\"name\":\"Comment\",\"target\":[\"https:\\\/\\\/www.pickchickbymec.com\\\/cartel-fiestas-sant-isidre-masquefa-2024\\\/#respond\"]}]},{\"@type\":\"WebPage\",\"@id\":\"https:\\\/\\\/www.pickchickbymec.com\\\/cartel-fiestas-sant-isidre-masquefa-2024\\\/\",\"url\":\"https:\\\/\\\/www.pickchickbymec.com\\\/cartel-fiestas-sant-isidre-masquefa-2024\\\/\",\"name\":\"Cartel fiestas Sant Isidre Masquefa 2024 - Pick\u00b7Chick by Mec\",\"isPartOf\":{\"@id\":\"https:\\\/\\\/www.pickchickbymec.com\\\/#website\"},\"primaryImageOfPage\":{\"@id\":\"https:\\\/\\\/www.pickchickbymec.com\\\/cartel-fiestas-sant-isidre-masquefa-2024\\\/#primaryimage\"},\"image\":{\"@id\":\"https:\\\/\\\/www.pickchickbymec.com\\\/cartel-fiestas-sant-isidre-masquefa-2024\\\/#primaryimage\"},\"thumbnailUrl\":\"https:\\\/\\\/www.pickchickbymec.com\\\/wp-content\\\/uploads\\\/2024\\\/04\\\/sant-isidre-petit.jpg\",\"datePublished\":\"2024-04-16T12:19:17+00:00\",\"dateModified\":\"2025-08-01T17:13:32+00:00\",\"description\":\"Ilustraci\u00f3n y dise\u00f1o de cartel para las fiestas de Sant Isidre de Masquefa, edici\u00f3n 2024.\",\"breadcrumb\":{\"@id\":\"https:\\\/\\\/www.pickchickbymec.com\\\/cartel-fiestas-sant-isidre-masquefa-2024\\\/#breadcrumb\"},\"inLanguage\":\"en-GB\",\"potentialAction\":[{\"@type\":\"ReadAction\",\"target\":[\"https:\\\/\\\/www.pickchickbymec.com\\\/cartel-fiestas-sant-isidre-masquefa-2024\\\/\"]}]},{\"@type\":\"ImageObject\",\"inLanguage\":\"en-GB\",\"@id\":\"https:\\\/\\\/www.pickchickbymec.com\\\/cartel-fiestas-sant-isidre-masquefa-2024\\\/#primaryimage\",\"url\":\"https:\\\/\\\/www.pickchickbymec.com\\\/wp-content\\\/uploads\\\/2024\\\/04\\\/sant-isidre-petit.jpg\",\"contentUrl\":\"https:\\\/\\\/www.pickchickbymec.com\\\/wp-content\\\/uploads\\\/2024\\\/04\\\/sant-isidre-petit.jpg\",\"width\":707,\"height\":1000},{\"@type\":\"BreadcrumbList\",\"@id\":\"https:\\\/\\\/www.pickchickbymec.com\\\/cartel-fiestas-sant-isidre-masquefa-2024\\\/#breadcrumb\",\"itemListElement\":[{\"@type\":\"ListItem\",\"position\":1,\"name\":\"Portada\",\"item\":\"https:\\\/\\\/www.pickchickbymec.com\\\/\"},{\"@type\":\"ListItem\",\"position\":2,\"name\":\"Cartel fiestas Sant Isidre Masquefa 2024\"}]},{\"@type\":\"WebSite\",\"@id\":\"https:\\\/\\\/www.pickchickbymec.com\\\/#website\",\"url\":\"https:\\\/\\\/www.pickchickbymec.com\\\/\",\"name\":\"Pick\u00b7Chick by Mec\",\"description\":\"kawaii illustrator and artisan\",\"publisher\":{\"@id\":\"https:\\\/\\\/www.pickchickbymec.com\\\/#\\\/schema\\\/person\\\/189a1cea9c7f6704595062aabbbb38fe\"},\"potentialAction\":[{\"@type\":\"SearchAction\",\"target\":{\"@type\":\"EntryPoint\",\"urlTemplate\":\"https:\\\/\\\/www.pickchickbymec.com\\\/?s={search_term_string}\"},\"query-input\":{\"@type\":\"PropertyValueSpecification\",\"valueRequired\":true,\"valueName\":\"search_term_string\"}}],\"inLanguage\":\"en-GB\"},{\"@type\":[\"Person\",\"Organization\"],\"@id\":\"https:\\\/\\\/www.pickchickbymec.com\\\/#\\\/schema\\\/person\\\/189a1cea9c7f6704595062aabbbb38fe\",\"name\":\"pickchickbymec\",\"image\":{\"@type\":\"ImageObject\",\"inLanguage\":\"en-GB\",\"@id\":\"https:\\\/\\\/secure.gravatar.com\\\/avatar\\\/0c13b11690ce1ad38e031b40cac436947d766b2585e3e81250e6cf60b0a3b61f?s=96&d=mm&r=g\",\"url\":\"https:\\\/\\\/secure.gravatar.com\\\/avatar\\\/0c13b11690ce1ad38e031b40cac436947d766b2585e3e81250e6cf60b0a3b61f?s=96&d=mm&r=g\",\"contentUrl\":\"https:\\\/\\\/secure.gravatar.com\\\/avatar\\\/0c13b11690ce1ad38e031b40cac436947d766b2585e3e81250e6cf60b0a3b61f?s=96&d=mm&r=g\",\"caption\":\"pickchickbymec\"},\"logo\":{\"@id\":\"https:\\\/\\\/secure.gravatar.com\\\/avatar\\\/0c13b11690ce1ad38e031b40cac436947d766b2585e3e81250e6cf60b0a3b61f?s=96&d=mm&r=g\"}}]}<\/script>\n<!-- \/ Yoast SEO plugin. -->","yoast_head_json":{"title":"Cartel fiestas Sant Isidre Masquefa 2024 - Pick\u00b7Chick by Mec","description":"Ilustraci\u00f3n y dise\u00f1o de cartel para las fiestas de Sant Isidre de Masquefa, edici\u00f3n 2024.","robots":{"index":"index","follow":"follow","max-snippet":"max-snippet:-1","max-image-preview":"max-image-preview:large","max-video-preview":"max-video-preview:-1"},"canonical":"https:\/\/www.pickchickbymec.com\/en\/cartel-fiestas-sant-isidre-masquefa-2024\/","og_locale":"en_GB","og_type":"article","og_title":"Cartel fiestas Sant Isidre Masquefa 2024 - Pick\u00b7Chick by Mec","og_description":"Ilustraci\u00f3n y dise\u00f1o de cartel para las fiestas de Sant Isidre de Masquefa, edici\u00f3n 2024.","og_url":"https:\/\/www.pickchickbymec.com\/en\/cartel-fiestas-sant-isidre-masquefa-2024\/","og_site_name":"Pick\u00b7Chick by Mec","article_published_time":"2024-04-16T12:19:17+00:00","article_modified_time":"2025-08-01T17:13:32+00:00","og_image":[{"width":707,"height":1000,"url":"https:\/\/www.pickchickbymec.com\/wp-content\/uploads\/2024\/04\/sant-isidre-petit.jpg","type":"image\/jpeg"}],"author":"pickchickbymec","twitter_card":"summary_large_image","twitter_misc":{"Written by":"pickchickbymec","Estimated reading time":"1 minute"},"schema":{"@context":"https:\/\/schema.org","@graph":[{"@type":"Article","@id":"https:\/\/www.pickchickbymec.com\/cartel-fiestas-sant-isidre-masquefa-2024\/#article","isPartOf":{"@id":"https:\/\/www.pickchickbymec.com\/cartel-fiestas-sant-isidre-masquefa-2024\/"},"author":{"name":"pickchickbymec","@id":"https:\/\/www.pickchickbymec.com\/#\/schema\/person\/189a1cea9c7f6704595062aabbbb38fe"},"headline":"Cartel fiestas Sant Isidre Masquefa 2024","datePublished":"2024-04-16T12:19:17+00:00","dateModified":"2025-08-01T17:13:32+00:00","mainEntityOfPage":{"@id":"https:\/\/www.pickchickbymec.com\/cartel-fiestas-sant-isidre-masquefa-2024\/"},"wordCount":29,"commentCount":0,"publisher":{"@id":"https:\/\/www.pickchickbymec.com\/#\/schema\/person\/189a1cea9c7f6704595062aabbbb38fe"},"image":{"@id":"https:\/\/www.pickchickbymec.com\/cartel-fiestas-sant-isidre-masquefa-2024\/#primaryimage"},"thumbnailUrl":"https:\/\/www.pickchickbymec.com\/wp-content\/uploads\/2024\/04\/sant-isidre-petit.jpg","keywords":["cartel","dise\u00f1o","ilustracion"],"articleSection":["Porfolio"],"inLanguage":"en-GB","potentialAction":[{"@type":"CommentAction","name":"Comment","target":["https:\/\/www.pickchickbymec.com\/cartel-fiestas-sant-isidre-masquefa-2024\/#respond"]}]},{"@type":"WebPage","@id":"https:\/\/www.pickchickbymec.com\/cartel-fiestas-sant-isidre-masquefa-2024\/","url":"https:\/\/www.pickchickbymec.com\/cartel-fiestas-sant-isidre-masquefa-2024\/","name":"Cartel fiestas Sant Isidre Masquefa 2024 - Pick\u00b7Chick by Mec","isPartOf":{"@id":"https:\/\/www.pickchickbymec.com\/#website"},"primaryImageOfPage":{"@id":"https:\/\/www.pickchickbymec.com\/cartel-fiestas-sant-isidre-masquefa-2024\/#primaryimage"},"image":{"@id":"https:\/\/www.pickchickbymec.com\/cartel-fiestas-sant-isidre-masquefa-2024\/#primaryimage"},"thumbnailUrl":"https:\/\/www.pickchickbymec.com\/wp-content\/uploads\/2024\/04\/sant-isidre-petit.jpg","datePublished":"2024-04-16T12:19:17+00:00","dateModified":"2025-08-01T17:13:32+00:00","description":"Ilustraci\u00f3n y dise\u00f1o de cartel para las fiestas de Sant Isidre de Masquefa, edici\u00f3n 2024.","breadcrumb":{"@id":"https:\/\/www.pickchickbymec.com\/cartel-fiestas-sant-isidre-masquefa-2024\/#breadcrumb"},"inLanguage":"en-GB","potentialAction":[{"@type":"ReadAction","target":["https:\/\/www.pickchickbymec.com\/cartel-fiestas-sant-isidre-masquefa-2024\/"]}]},{"@type":"ImageObject","inLanguage":"en-GB","@id":"https:\/\/www.pickchickbymec.com\/cartel-fiestas-sant-isidre-masquefa-2024\/#primaryimage","url":"https:\/\/www.pickchickbymec.com\/wp-content\/uploads\/2024\/04\/sant-isidre-petit.jpg","contentUrl":"https:\/\/www.pickchickbymec.com\/wp-content\/uploads\/2024\/04\/sant-isidre-petit.jpg","width":707,"height":1000},{"@type":"BreadcrumbList","@id":"https:\/\/www.pickchickbymec.com\/cartel-fiestas-sant-isidre-masquefa-2024\/#breadcrumb","itemListElement":[{"@type":"ListItem","position":1,"name":"Portada","item":"https:\/\/www.pickchickbymec.com\/"},{"@type":"ListItem","position":2,"name":"Cartel fiestas Sant Isidre Masquefa 2024"}]},{"@type":"WebSite","@id":"https:\/\/www.pickchickbymec.com\/#website","url":"https:\/\/www.pickchickbymec.com\/","name":"Pick-Chick by Mec","description":"kawaii illustrator and artisan","publisher":{"@id":"https:\/\/www.pickchickbymec.com\/#\/schema\/person\/189a1cea9c7f6704595062aabbbb38fe"},"potentialAction":[{"@type":"SearchAction","target":{"@type":"EntryPoint","urlTemplate":"https:\/\/www.pickchickbymec.com\/?s={search_term_string}"},"query-input":{"@type":"PropertyValueSpecification","valueRequired":true,"valueName":"search_term_string"}}],"inLanguage":"en-GB"},{"@type":["Person","Organization"],"@id":"https:\/\/www.pickchickbymec.com\/#\/schema\/person\/189a1cea9c7f6704595062aabbbb38fe","name":"pickchickbymec","image":{"@type":"ImageObject","inLanguage":"en-GB","@id":"https:\/\/secure.gravatar.com\/avatar\/0c13b11690ce1ad38e031b40cac436947d766b2585e3e81250e6cf60b0a3b61f?s=96&d=mm&r=g","url":"https:\/\/secure.gravatar.com\/avatar\/0c13b11690ce1ad38e031b40cac436947d766b2585e3e81250e6cf60b0a3b61f?s=96&d=mm&r=g","contentUrl":"https:\/\/secure.gravatar.com\/avatar\/0c13b11690ce1ad38e031b40cac436947d766b2585e3e81250e6cf60b0a3b61f?s=96&d=mm&r=g","caption":"pickchickbymec"},"logo":{"@id":"https:\/\/secure.gravatar.com\/avatar\/0c13b11690ce1ad38e031b40cac436947d766b2585e3e81250e6cf60b0a3b61f?s=96&d=mm&r=g"}}]}},"jetpack_featured_media_url":"https:\/\/www.pickchickbymec.com\/wp-content\/uploads\/2024\/04\/sant-isidre-petit.jpg","jetpack-related-posts":[],"jetpack_sharing_enabled":true,"_links":{"self":[{"href":"https:\/\/www.pickchickbymec.com\/en\/wp-json\/wp\/v2\/posts\/7110","targetHints":{"allow":["GET"]}}],"collection":[{"href":"https:\/\/www.pickchickbymec.com\/en\/wp-json\/wp\/v2\/posts"}],"about":[{"href":"https:\/\/www.pickchickbymec.com\/en\/wp-json\/wp\/v2\/types\/post"}],"author":[{"embeddable":true,"href":"https:\/\/www.pickchickbymec.com\/en\/wp-json\/wp\/v2\/users\/1"}],"replies":[{"embeddable":true,"href":"https:\/\/www.pickchickbymec.com\/en\/wp-json\/wp\/v2\/comments?post=7110"}],"version-history":[{"count":3,"href":"https:\/\/www.pickchickbymec.com\/en\/wp-json\/wp\/v2\/posts\/7110\/revisions"}],"predecessor-version":[{"id":8667,"href":"https:\/\/www.pickchickbymec.com\/en\/wp-json\/wp\/v2\/posts\/7110\/revisions\/8667"}],"wp:featuredmedia":[{"embeddable":true,"href":"https:\/\/www.pickchickbymec.com\/en\/wp-json\/wp\/v2\/media\/7111"}],"wp:attachment":[{"href":"https:\/\/www.pickchickbymec.com\/en\/wp-json\/wp\/v2\/media?parent=7110"}],"wp:term":[{"taxonomy":"category","embeddable":true,"href":"https:\/\/www.pickchickbymec.com\/en\/wp-json\/wp\/v2\/categories?post=7110"},{"taxonomy":"post_tag","embeddable":true,"href":"https:\/\/www.pickchickbymec.com\/en\/wp-json\/wp\/v2\/tags?post=7110"}],"curies":[{"name":"wp","href":"https:\/\/api.w.org\/{rel}","templated":true}]}}